{"id":20,"count":5,"description":"Pour la fabrication de nos savons, nous utilisons nos huiles de mac\u00e9ration solaire uniquement, que nous saponifiions \u00e0 froid pour conserver toutes les propri\u00e9t\u00e9s des plantes, du lait de nos ch\u00e8vres, des infusions de nos plantes et de l\u2019huile essentielle principalement distill\u00e9e par nos soins","link":"https:\/\/timammdouar.fr\/en\/product-category\/savons-paysans-aux-plantes-et-au-lait-de-chevre\/","name":"Savons paysans aux plantes et au lait de ch\u00e8vre","slug":"savons-paysans-aux-plantes-et-au-lait-de-chevre","taxonomy":"product_cat","parent":0,"meta":[],"menu_order":7,"acf":[],"yoast_head":"<!-- This site is optimized with the Yoast SEO plugin v27.5 - https:\/\/yoast.com\/product\/yoast-seo-wordpress\/ -->\n<title>Archives des Savons paysans aux plantes et au lait de ch\u00e8vre - Ti mamm douar<\/title>\n<meta name=\"robots\" content=\"index, follow, max-snippet:-1, max-image-preview:large, max-video-preview:-1\" \/>\n<link rel=\"canonical\" href=\"https:\/\/timammdouar.fr\/en\/product-category\/savons-paysans-aux-plantes-et-au-lait-de-chevre\/\" \/>\n<meta property=\"og:locale\" content=\"en_GB\" \/>\n<meta property=\"og:type\" content=\"article\" \/>\n<meta property=\"og:title\" content=\"Archives des Savons paysans aux plantes et au lait de ch\u00e8vre - Ti mamm douar\" \/>\n<meta property=\"og:description\" content=\"Pour la fabrication de nos savons, nous utilisons nos huiles de mac\u00e9ration solaire uniquement, que nous saponifiions \u00e0 froid pour conserver toutes les propri\u00e9t\u00e9s des plantes, du lait de nos ch\u00e8vres, des infusions de nos plantes et de l\u2019huile essentielle principalement distill\u00e9e par nos soins\" \/>\n<meta property=\"og:url\" content=\"https:\/\/timammdouar.fr\/en\/product-category\/savons-paysans-aux-plantes-et-au-lait-de-chevre\/\" \/>\n<meta property=\"og:site_name\" content=\"Ti mamm douar\" \/>\n<meta name=\"twitter:card\" content=\"summary_large_image\" \/>\n<script type=\"application\/ld+json\" class=\"yoast-schema-graph\">{\"@context\":\"https:\\\/\\\/schema.org\",\"@graph\":[{\"@type\":\"CollectionPage\",\"@id\":\"https:\\\/\\\/timammdouar.fr\\\/categorie-produit\\\/savons-paysans-aux-plantes-et-au-lait-de-chevre\\\/\",\"url\":\"https:\\\/\\\/timammdouar.fr\\\/categorie-produit\\\/savons-paysans-aux-plantes-et-au-lait-de-chevre\\\/\",\"name\":\"Archives des Savons paysans aux plantes et au lait de ch\u00e8vre - Ti mamm douar\",\"isPartOf\":{\"@id\":\"https:\\\/\\\/timammdouar.fr\\\/#website\"},\"breadcrumb\":{\"@id\":\"https:\\\/\\\/timammdouar.fr\\\/categorie-produit\\\/savons-paysans-aux-plantes-et-au-lait-de-chevre\\\/#breadcrumb\"},\"inLanguage\":\"en-GB\"},{\"@type\":\"BreadcrumbList\",\"@id\":\"https:\\\/\\\/timammdouar.fr\\\/categorie-produit\\\/savons-paysans-aux-plantes-et-au-lait-de-chevre\\\/#breadcrumb\",\"itemListElement\":[{\"@type\":\"ListItem\",\"position\":1,\"name\":\"Accueil\",\"item\":\"https:\\\/\\\/timammdouar.fr\\\/\"},{\"@type\":\"ListItem\",\"position\":2,\"name\":\"Savons paysans aux plantes et au lait de ch\u00e8vre\"}]},{\"@type\":\"WebSite\",\"@id\":\"https:\\\/\\\/timammdouar.fr\\\/#website\",\"url\":\"https:\\\/\\\/timammdouar.fr\\\/\",\"name\":\"Ti mamm douar\",\"description\":\"Ferme agro-\u00e9cologique des montagnes noires\",\"publisher\":{\"@id\":\"https:\\\/\\\/timammdouar.fr\\\/#organization\"},\"potentialAction\":[{\"@type\":\"SearchAction\",\"target\":{\"@type\":\"EntryPoint\",\"urlTemplate\":\"https:\\\/\\\/timammdouar.fr\\\/?s={search_term_string}\"},\"query-input\":{\"@type\":\"PropertyValueSpecification\",\"valueRequired\":true,\"valueName\":\"search_term_string\"}}],\"inLanguage\":\"en-GB\"},{\"@type\":\"Organization\",\"@id\":\"https:\\\/\\\/timammdouar.fr\\\/#organization\",\"name\":\"Ti mamm douar\",\"url\":\"https:\\\/\\\/timammdouar.fr\\\/\",\"logo\":{\"@type\":\"ImageObject\",\"inLanguage\":\"en-GB\",\"@id\":\"https:\\\/\\\/timammdouar.fr\\\/#\\\/schema\\\/logo\\\/image\\\/\",\"url\":\"https:\\\/\\\/timammdouar.fr\\\/wp-content\\\/uploads\\\/2020\\\/03\\\/cropped-WEB-Logo-NB_TI-MAMM-DOUAR_2019-e1584807257800-1.png\",\"contentUrl\":\"https:\\\/\\\/timammdouar.fr\\\/wp-content\\\/uploads\\\/2020\\\/03\\\/cropped-WEB-Logo-NB_TI-MAMM-DOUAR_2019-e1584807257800-1.png\",\"width\":225,\"height\":224,\"caption\":\"Ti mamm douar\"},\"image\":{\"@id\":\"https:\\\/\\\/timammdouar.fr\\\/#\\\/schema\\\/logo\\\/image\\\/\"},\"sameAs\":[\"https:\\\/\\\/www.facebook.com\\\/Timammdouar.fermeagroeco\\\/\",\"https:\\\/\\\/www.instagram.com\\\/timammdouar\\\/\"]}]}<\/script>\n<!-- \/ Yoast SEO plugin. -->","yoast_head_json":{"title":"Archives des Savons paysans aux plantes et au lait de ch\u00e8vre - Ti mamm douar","robots":{"index":"index","follow":"follow","max-snippet":"max-snippet:-1","max-image-preview":"max-image-preview:large","max-video-preview":"max-video-preview:-1"},"canonical":"https:\/\/timammdouar.fr\/en\/product-category\/savons-paysans-aux-plantes-et-au-lait-de-chevre\/","og_locale":"en_GB","og_type":"article","og_title":"Archives des Savons paysans aux plantes et au lait de ch\u00e8vre - Ti mamm douar","og_description":"Pour la fabrication de nos savons, nous utilisons nos huiles de mac\u00e9ration solaire uniquement, que nous saponifiions \u00e0 froid pour conserver toutes les propri\u00e9t\u00e9s des plantes, du lait de nos ch\u00e8vres, des infusions de nos plantes et de l\u2019huile essentielle principalement distill\u00e9e par nos soins","og_url":"https:\/\/timammdouar.fr\/en\/product-category\/savons-paysans-aux-plantes-et-au-lait-de-chevre\/","og_site_name":"Ti mamm douar","twitter_card":"summary_large_image","schema":{"@context":"https:\/\/schema.org","@graph":[{"@type":"CollectionPage","@id":"https:\/\/timammdouar.fr\/categorie-produit\/savons-paysans-aux-plantes-et-au-lait-de-chevre\/","url":"https:\/\/timammdouar.fr\/categorie-produit\/savons-paysans-aux-plantes-et-au-lait-de-chevre\/","name":"Archives des Savons paysans aux plantes et au lait de ch\u00e8vre - Ti mamm douar","isPartOf":{"@id":"https:\/\/timammdouar.fr\/#website"},"breadcrumb":{"@id":"https:\/\/timammdouar.fr\/categorie-produit\/savons-paysans-aux-plantes-et-au-lait-de-chevre\/#breadcrumb"},"inLanguage":"en-GB"},{"@type":"BreadcrumbList","@id":"https:\/\/timammdouar.fr\/categorie-produit\/savons-paysans-aux-plantes-et-au-lait-de-chevre\/#breadcrumb","itemListElement":[{"@type":"ListItem","position":1,"name":"Accueil","item":"https:\/\/timammdouar.fr\/"},{"@type":"ListItem","position":2,"name":"Savons paysans aux plantes et au lait de ch\u00e8vre"}]},{"@type":"WebSite","@id":"https:\/\/timammdouar.fr\/#website","url":"https:\/\/timammdouar.fr\/","name":"Ti mamm douar","description":"Ferme agro-\u00e9cologique des montagnes noires","publisher":{"@id":"https:\/\/timammdouar.fr\/#organization"},"potentialAction":[{"@type":"SearchAction","target":{"@type":"EntryPoint","urlTemplate":"https:\/\/timammdouar.fr\/?s={search_term_string}"},"query-input":{"@type":"PropertyValueSpecification","valueRequired":true,"valueName":"search_term_string"}}],"inLanguage":"en-GB"},{"@type":"Organization","@id":"https:\/\/timammdouar.fr\/#organization","name":"Ti mamm douar","url":"https:\/\/timammdouar.fr\/","logo":{"@type":"ImageObject","inLanguage":"en-GB","@id":"https:\/\/timammdouar.fr\/#\/schema\/logo\/image\/","url":"https:\/\/timammdouar.fr\/wp-content\/uploads\/2020\/03\/cropped-WEB-Logo-NB_TI-MAMM-DOUAR_2019-e1584807257800-1.png","contentUrl":"https:\/\/timammdouar.fr\/wp-content\/uploads\/2020\/03\/cropped-WEB-Logo-NB_TI-MAMM-DOUAR_2019-e1584807257800-1.png","width":225,"height":224,"caption":"Ti mamm douar"},"image":{"@id":"https:\/\/timammdouar.fr\/#\/schema\/logo\/image\/"},"sameAs":["https:\/\/www.facebook.com\/Timammdouar.fermeagroeco\/","https:\/\/www.instagram.com\/timammdouar\/"]}]}},"_links":{"self":[{"href":"https:\/\/timammdouar.fr\/en\/wp-json\/wp\/v2\/product_cat\/20","targetHints":{"allow":["GET"]}}],"collection":[{"href":"https:\/\/timammdouar.fr\/en\/wp-json\/wp\/v2\/product_cat"}],"about":[{"href":"https:\/\/timammdouar.fr\/en\/wp-json\/wp\/v2\/taxonomies\/product_cat"}],"wp:post_type":[{"href":"https:\/\/timammdouar.fr\/en\/wp-json\/wp\/v2\/product?product_cat=20"}],"curies":[{"name":"wp","href":"https:\/\/api.w.org\/{rel}","templated":true}]}}